{"id":181,"date":"2010-02-26T17:40:27","date_gmt":"2010-02-26T15:40:27","guid":{"rendered":"https:\/\/www.muenchnersingles.de\/blog\/?p=181"},"modified":"2010-02-26T17:41:06","modified_gmt":"2010-02-26T15:41:06","slug":"fruhlingsgefuhle-in-munchen","status":"publish","type":"post","link":"https:\/\/www.muenchnersingles.de\/blog\/fruhlingsgefuhle-in-munchen\/","title":{"rendered":"Fr\u00fchlingsgef\u00fchle in M\u00fcnchen"},"content":{"rendered":"<p><img decoding=\"async\" class=\"alignleft size-full wp-image-182\" title=\"fr\u00fchling\" src=\"https:\/\/www.muenchnersingles.de\/blog\/wp-content\/uploads\/2010\/02\/fr\u00fchling.jpg\" alt=\"fr\u00fchling\" width=\"490\" height=\"368\" srcset=\"https:\/\/www.muenchnersingles.de\/blog\/wp-content\/uploads\/2010\/02\/fr\u00fchling.jpg 700w, https:\/\/www.muenchnersingles.de\/blog\/wp-content\/uploads\/2010\/02\/fr\u00fchling-300x225.jpg 300w\" sizes=\"(max-width: 490px) 100vw, 490px\" \/><br \/>\nBei dem unerwarteten Traumwetter diese Woche kamen bei vielen M\u00fcnchnern schon die ersten Fr\u00fchlingsgef\u00fchle auf. Nat\u00fcrlich ist der Fr\u00fchling noch nicht wirklich da (das Foto stammt \u00fcbrigens aus dem letzten Jahr). Der astronomische Fr\u00fchlingsbeginn f\u00e4llt in diesem Jahr auf den 20. M\u00e4rz, der meteorologische ist am 1.M\u00e4rz, doch die Wettervorhersage k\u00fcndigt schon f\u00fcr n\u00e4chste Woche wieder Schee an. <\/p>\n<p>Aber dieses Wochenende hoffen wir trotzdem nochmal auf ein paar Sonnenstrahlen, damit wir uns an der Isar, im Stra\u00dfencafe oder im heimischen Balkonien ein bisschen so f\u00fchlen k\u00f6nnen, als w\u00e4re der Winter schon vorbei.<\/p>\n","protected":false},"excerpt":{"rendered":"<p>Bei dem unerwarteten Traumwetter diese Woche kamen bei vielen M\u00fcnchnern schon die ersten Fr\u00fchlingsgef\u00fchle auf. Nat\u00fcrlich ist der Fr\u00fchling noch nicht wirklich da (das Foto stammt \u00fcbrigens aus dem letzten Jahr). Der astronomische Fr\u00fchlingsbeginn f\u00e4llt in diesem Jahr auf den 20. M\u00e4rz, der meteorologische ist am 1.M\u00e4rz, doch die Wettervorhersage k\u00fcndigt schon f\u00fcr n\u00e4chste Woche &#8230; <a title=\"Fr\u00fchlingsgef\u00fchle in M\u00fcnchen\" class=\"read-more\" href=\"https:\/\/www.muenchnersingles.de\/blog\/fruhlingsgefuhle-in-munchen\/\" aria-label=\"Mehr Informationen \u00fcber Fr\u00fchlingsgef\u00fchle in M\u00fcnchen\">Weiterlesen<\/a><\/p>\n","protected":false},"author":4,"featured_media":182,"comment_status":"open","ping_status":"open","sticky":false,"template":"","format":"standard","meta":{"ngg_post_thumbnail":0,"footnotes":""},"categories":[50],"tags":[78,77,79],"class_list":["post-181","post","type-post","status-publish","format-standard","has-post-thumbnail","hentry","category-leben-in-munchen","tag-drausen","tag-fruhling","tag-wetter"],"authors":[],"_links":{"self":[{"href":"https:\/\/www.muenchnersingles.de\/blog\/wp-json\/wp\/v2\/posts\/181","targetHints":{"allow":["GET"]}}],"collection":[{"href":"https:\/\/www.muenchnersingles.de\/blog\/wp-json\/wp\/v2\/posts"}],"about":[{"href":"https:\/\/www.muenchnersingles.de\/blog\/wp-json\/wp\/v2\/types\/post"}],"author":[{"embeddable":true,"href":"https:\/\/www.muenchnersingles.de\/blog\/wp-json\/wp\/v2\/users\/4"}],"replies":[{"embeddable":true,"href":"https:\/\/www.muenchnersingles.de\/blog\/wp-json\/wp\/v2\/comments?post=181"}],"version-history":[{"count":3,"href":"https:\/\/www.muenchnersingles.de\/blog\/wp-json\/wp\/v2\/posts\/181\/revisions"}],"predecessor-version":[{"id":185,"href":"https:\/\/www.muenchnersingles.de\/blog\/wp-json\/wp\/v2\/posts\/181\/revisions\/185"}],"wp:featuredmedia":[{"embeddable":true,"href":"https:\/\/www.muenchnersingles.de\/blog\/wp-json\/wp\/v2\/media\/182"}],"wp:attachment":[{"href":"https:\/\/www.muenchnersingles.de\/blog\/wp-json\/wp\/v2\/media?parent=181"}],"wp:term":[{"taxonomy":"category","embeddable":true,"href":"https:\/\/www.muenchnersingles.de\/blog\/wp-json\/wp\/v2\/categories?post=181"},{"taxonomy":"post_tag","embeddable":true,"href":"https:\/\/www.muenchnersingles.de\/blog\/wp-json\/wp\/v2\/tags?post=181"}],"curies":[{"name":"wp","href":"https:\/\/api.w.org\/{rel}","templated":true}]}}